{"id":930,"date":"2018-04-15T16:26:59","date_gmt":"2018-04-15T14:26:59","guid":{"rendered":"http:\/\/www.mbfatimska.plock.opoka.org.pl\/?p=930"},"modified":"2018-04-15T16:26:59","modified_gmt":"2018-04-15T14:26:59","slug":"niedziela-15-kwietnia-2018r-ogloszenia","status":"publish","type":"post","link":"http:\/\/www.mbfatimska.plock.opoka.org.pl\/index.php\/2018\/04\/15\/niedziela-15-kwietnia-2018r-ogloszenia\/","title":{"rendered":"Niedziela 15 kwietnia 2018r. &#8211; Og\u0142oszenia"},"content":{"rendered":"<p><strong>III Niedziela Wielkanocna<\/strong><\/p>\n<ol>\n<li style=\"text-align: justify;\">Dzisiaj po Mszy \u015awi\u0119tej o godz. 16:00 odb\u0119dzie si\u0119 <strong>spotkanie dla dzieci przygotowuj\u0105cych si\u0119 do <\/strong>Odnowienia Przyrzecze\u0144 Chrzcielnych i ich Rodzic\u00f3w.<\/li>\n<li style=\"text-align: justify;\">W czwartek 19 kwietnia Odnowa w Duchu \u015awi\u0119tym zaprasza na <strong>Msz\u0119 \u015awi\u0119t\u0105 o Duchu \u015awi\u0119tym<\/strong> na godz. 19:00.<\/li>\n<li style=\"text-align: justify;\">W sobot\u0119 21 kwietnia o godz. 19:00 w dawnej kaplicy odb\u0119dzie si\u0119 spotkanie ?<strong>Rozmowy o Biblii<\/strong>? ? Apokalipsa \u015bw. Jana.<\/li>\n<li style=\"text-align: justify;\">W dniu dzisiejszym prze\u017cywamy w ko\u015bcio\u0142ach <strong>Narodowe Czytanie Pisma \u015awi\u0119tego<\/strong> ? z listu \u015bw. Paw\u0142a Aposto\u0142a do Rzymian. R\u00f3wnie\u017c w naszym ko\u015bciele wsp\u00f3lne czytanie Pisma \u015awi\u0119tego b\u0119dzie od godz. 13:00 do 14:00. Wszystkich, kt\u00f3rzy pragn\u0105 w\u0142\u0105czy\u0107 si\u0119 w to czytanie i s\u0142uchanie zapraszamy na godz. 13:00. Kto chcia\u0142by czyta\u0107, to mo\u017cna si\u0119 dzisiaj zg\u0142osi\u0107. Zach\u0119camy i zapraszamy do wsp\u00f3lnej lektury Pisma \u015awi\u0119tego.<\/li>\n<li style=\"text-align: justify;\">Zach\u0119camy do nabywania i czytania <strong>prasy katolickiej<\/strong>: Mi\u0142ujcie si\u0119, Rycerz Niepokalanej, L?osservatore Romano, Ma\u0142y Go\u015b\u0107 Niedzielny, Go\u015b\u0107 Niedzielny z artyku\u0142em ? A\u017c 9 m\u0119czennik\u00f3w w ci\u0105gu 22 lat doczeka\u0142a si\u0119 Francja, kraj, kt\u00f3ry wed\u0142ug powszechnej opinii ju\u017c dawno dokona\u0142 radosnej i nieodwo\u0142alnej apostazji ? przypadek?<\/li>\n<\/ol>\n","protected":false},"excerpt":{"rendered":"<p>III Niedziela Wielkanocna Dzisiaj po Mszy \u015awi\u0119tej o godz. 16:00 odb\u0119dzie si\u0119 spotkanie dla dzieci przygotowuj\u0105cych si\u0119 do Odnowienia Przyrzecze\u0144 Chrzcielnych i ich Rodzic\u00f3w. W czwartek 19 kwietnia Odnowa w Duchu \u015awi\u0119tym zaprasza na Msz\u0119 \u015awi\u0119t\u0105 o Duchu \u015awi\u0119tym na godz. 19:00. W sobot\u0119 21 kwietnia o godz. 19:00 w dawnej kaplicy odb\u0119dzie si\u0119 spotkanie &hellip; <a href=\"http:\/\/www.mbfatimska.plock.opoka.org.pl\/index.php\/2018\/04\/15\/niedziela-15-kwietnia-2018r-ogloszenia\/\" class=\"more-link\">Czytaj dalej<span class=\"screen-reader-text\"> \u201eNiedziela 15 kwietnia 2018r. &#8211; Og\u0142oszenia\u201d<\/span><\/a><\/p>\n","protected":false},"author":1,"featured_media":0,"comment_status":"closed","ping_status":"closed","sticky":false,"template":"","format":"standard","meta":[],"categories":[4],"tags":[],"_links":{"self":[{"href":"http:\/\/www.mbfatimska.plock.opoka.org.pl\/index.php\/wp-json\/wp\/v2\/posts\/930"}],"collection":[{"href":"http:\/\/www.mbfatimska.plock.opoka.org.pl\/index.php\/wp-json\/wp\/v2\/posts"}],"about":[{"href":"http:\/\/www.mbfatimska.plock.opoka.org.pl\/index.php\/wp-json\/wp\/v2\/types\/post"}],"author":[{"embeddable":true,"href":"http:\/\/www.mbfatimska.plock.opoka.org.pl\/index.php\/wp-json\/wp\/v2\/users\/1"}],"replies":[{"embeddable":true,"href":"http:\/\/www.mbfatimska.plock.opoka.org.pl\/index.php\/wp-json\/wp\/v2\/comments?post=930"}],"version-history":[{"count":1,"href":"http:\/\/www.mbfatimska.plock.opoka.org.pl\/index.php\/wp-json\/wp\/v2\/posts\/930\/revisions"}],"predecessor-version":[{"id":931,"href":"http:\/\/www.mbfatimska.plock.opoka.org.pl\/index.php\/wp-json\/wp\/v2\/posts\/930\/revisions\/931"}],"wp:attachment":[{"href":"http:\/\/www.mbfatimska.plock.opoka.org.pl\/index.php\/wp-json\/wp\/v2\/media?parent=930"}],"wp:term":[{"taxonomy":"category","embeddable":true,"href":"http:\/\/www.mbfatimska.plock.opoka.org.pl\/index.php\/wp-json\/wp\/v2\/categories?post=930"},{"taxonomy":"post_tag","embeddable":true,"href":"http:\/\/www.mbfatimska.plock.opoka.org.pl\/index.php\/wp-json\/wp\/v2\/tags?post=930"}],"curies":[{"name":"wp","href":"https:\/\/api.w.org\/{rel}","templated":true}]}}