{"id":921,"date":"2018-04-01T20:50:51","date_gmt":"2018-04-01T18:50:51","guid":{"rendered":"http:\/\/www.mbfatimska.plock.opoka.org.pl\/?p=921"},"modified":"2018-04-02T09:26:47","modified_gmt":"2018-04-02T07:26:47","slug":"poniedzialek-wielkanocny-ogloszenia","status":"publish","type":"post","link":"http:\/\/www.mbfatimska.plock.opoka.org.pl\/index.php\/2018\/04\/01\/poniedzialek-wielkanocny-ogloszenia\/","title":{"rendered":"Poniedzia\u0142ek Wielkanocny &#8211; Og\u0142oszenia"},"content":{"rendered":"<p><strong>Poniedzia\u0142ek Wielkanocny 2 kwietnia 2018r.<\/strong><\/p>\n<ol>\n<li style=\"text-align: justify;\">W przysz\u0142\u0105 niedziel\u0119 Ko\u015bci\u00f3\u0142 obchodzi <strong>Niedziel\u0119 Mi\u0142osierdzia Bo\u017cego<\/strong>. Do tej uroczysto\u015bci przygotowujemy si\u0119 odprawiaj\u0105c nowenn\u0119 do Bo\u017cego Mi\u0142osierdzia po Mszy \u015awi\u0119tej o godz. 18:00.<\/li>\n<li style=\"text-align: justify;\">W najbli\u017cszy wtorek po Mszy \u015awi\u0119tej o godz. 18:00 odm\u00f3wimy r\u00f3\u017caniec w intencji ofiarodawc\u00f3w, kt\u00f3rzy wspieraj\u0105 prace przy naszym ko\u015bciele.<\/li>\n<li style=\"text-align: justify;\">W najbli\u017cszy czwartek po Mszy \u015awi\u0119tej o godz. 18:00 odb\u0119dzie si\u0119 spotkanie dla kandydat\u00f3w przed przyst\u0105pieniem do bierzmowania.<\/li>\n<li style=\"text-align: justify;\">W najbli\u017csz\u0105 niedziel\u0119 po Mszy \u015awi\u0119tej o godz. 16:00 odb\u0119dzie si\u0119 spotkanie dla dzieci przygotowuj\u0105cych si\u0119 do Pierwszej Komunii \u015awi\u0119tej i ich Rodzic\u00f3w.<\/li>\n<li style=\"text-align: justify;\">Zach\u0119camy do nabywania i czytania <strong>prasy katolickiej<\/strong>: Mi\u0142ujcie si\u0119, Rycerz Niepokalanej, L?osservatore Romano, Ma\u0142y Go\u015b\u0107 Niedzielny, Go\u015b\u0107 Niedzielny z artyku\u0142em ? Jezus leczy serca i przywraca nadziej\u0119.<\/li>\n<\/ol>\n<figure id=\"attachment_923\" aria-describedby=\"caption-attachment-923\" style=\"width: 327px\" class=\"wp-caption aligncenter\"><a href=\"https:\/\/photos.app.goo.gl\/EbyZ5C0JgyF7O8Vn2\" target=\"_blank\" rel=\"noopener\"><img loading=\"lazy\" class=\"wp-image-923 size-full\" title=\"Gr\u00f3b Pa\u0144ski i Ciemnica - Wielkanoc 2018r.\" src=\"http:\/\/www.mbfatimska.plock.opoka.org.pl\/wp-content\/uploads\/2018\/04\/2018-04-01galeria.jpg\" alt=\"\" width=\"327\" height=\"327\" srcset=\"http:\/\/www.mbfatimska.plock.opoka.org.pl\/wp-content\/uploads\/2018\/04\/2018-04-01galeria.jpg 327w, http:\/\/www.mbfatimska.plock.opoka.org.pl\/wp-content\/uploads\/2018\/04\/2018-04-01galeria-150x150.jpg 150w, http:\/\/www.mbfatimska.plock.opoka.org.pl\/wp-content\/uploads\/2018\/04\/2018-04-01galeria-300x300.jpg 300w\" sizes=\"(max-width: 327px) 85vw, 327px\" \/><\/a><figcaption id=\"caption-attachment-923\" class=\"wp-caption-text\">Gr\u00f3b Pa\u0144ski i Ciemnica &#8211; Wielkanoc 2018r.<\/figcaption><\/figure>\n","protected":false},"excerpt":{"rendered":"<p>Poniedzia\u0142ek Wielkanocny 2 kwietnia 2018r. W przysz\u0142\u0105 niedziel\u0119 Ko\u015bci\u00f3\u0142 obchodzi Niedziel\u0119 Mi\u0142osierdzia Bo\u017cego. Do tej uroczysto\u015bci przygotowujemy si\u0119 odprawiaj\u0105c nowenn\u0119 do Bo\u017cego Mi\u0142osierdzia po Mszy \u015awi\u0119tej o godz. 18:00. W najbli\u017cszy wtorek po Mszy \u015awi\u0119tej o godz. 18:00 odm\u00f3wimy r\u00f3\u017caniec w intencji ofiarodawc\u00f3w, kt\u00f3rzy wspieraj\u0105 prace przy naszym ko\u015bciele. W najbli\u017cszy czwartek po Mszy \u015awi\u0119tej &hellip; <a href=\"http:\/\/www.mbfatimska.plock.opoka.org.pl\/index.php\/2018\/04\/01\/poniedzialek-wielkanocny-ogloszenia\/\" class=\"more-link\">Czytaj dalej<span class=\"screen-reader-text\"> \u201ePoniedzia\u0142ek Wielkanocny &#8211; Og\u0142oszenia\u201d<\/span><\/a><\/p>\n","protected":false},"author":1,"featured_media":920,"comment_status":"closed","ping_status":"closed","sticky":false,"template":"","format":"standard","meta":[],"categories":[4],"tags":[],"_links":{"self":[{"href":"http:\/\/www.mbfatimska.plock.opoka.org.pl\/index.php\/wp-json\/wp\/v2\/posts\/921"}],"collection":[{"href":"http:\/\/www.mbfatimska.plock.opoka.org.pl\/index.php\/wp-json\/wp\/v2\/posts"}],"about":[{"href":"http:\/\/www.mbfatimska.plock.opoka.org.pl\/index.php\/wp-json\/wp\/v2\/types\/post"}],"author":[{"embeddable":true,"href":"http:\/\/www.mbfatimska.plock.opoka.org.pl\/index.php\/wp-json\/wp\/v2\/users\/1"}],"replies":[{"embeddable":true,"href":"http:\/\/www.mbfatimska.plock.opoka.org.pl\/index.php\/wp-json\/wp\/v2\/comments?post=921"}],"version-history":[{"count":5,"href":"http:\/\/www.mbfatimska.plock.opoka.org.pl\/index.php\/wp-json\/wp\/v2\/posts\/921\/revisions"}],"predecessor-version":[{"id":927,"href":"http:\/\/www.mbfatimska.plock.opoka.org.pl\/index.php\/wp-json\/wp\/v2\/posts\/921\/revisions\/927"}],"wp:featuredmedia":[{"embeddable":true,"href":"http:\/\/www.mbfatimska.plock.opoka.org.pl\/index.php\/wp-json\/wp\/v2\/media\/920"}],"wp:attachment":[{"href":"http:\/\/www.mbfatimska.plock.opoka.org.pl\/index.php\/wp-json\/wp\/v2\/media?parent=921"}],"wp:term":[{"taxonomy":"category","embeddable":true,"href":"http:\/\/www.mbfatimska.plock.opoka.org.pl\/index.php\/wp-json\/wp\/v2\/categories?post=921"},{"taxonomy":"post_tag","embeddable":true,"href":"http:\/\/www.mbfatimska.plock.opoka.org.pl\/index.php\/wp-json\/wp\/v2\/tags?post=921"}],"curies":[{"name":"wp","href":"https:\/\/api.w.org\/{rel}","templated":true}]}}