{"id":672,"date":"2017-07-09T12:19:43","date_gmt":"2017-07-09T10:19:43","guid":{"rendered":"http:\/\/www.mbfatimska.plock.opoka.org.pl\/?p=672"},"modified":"2017-07-09T12:19:43","modified_gmt":"2017-07-09T10:19:43","slug":"niedziela-9-lipca-2017r-ogloszenia","status":"publish","type":"post","link":"http:\/\/www.mbfatimska.plock.opoka.org.pl\/index.php\/2017\/07\/09\/niedziela-9-lipca-2017r-ogloszenia\/","title":{"rendered":"Niedziela 9 lipca 2017r. &#8211; Og\u0142oszenia"},"content":{"rendered":"<p><strong>XIV Niedziela zwyk\u0142a<\/strong><\/p>\n<ol>\n<li style=\"text-align: justify;\">W czwartek to 13 dzie\u0144 lipca. Na nabo\u017ce\u0144stwo fatimskie po\u0142\u0105czone z procesj\u0105 zapraszamy na godz. 20:00.<\/li>\n<li style=\"text-align: justify;\">Mo\u017cemy zapisywa\u0107 si\u0119 na 36 piesz\u0105 pielgrzymk\u0119 Diecezji P\u0142ockiej na Jasn\u0105 G\u00f3r\u0119, kt\u00f3ra trwa\u0107 b\u0119dzie od 6 do 14 sierpnia, jak te\u017c i na pielgrzymk\u0119 duchow\u0105 &#8211; <a href=\"http:\/\/diecezjaplocka.pl\/zapowiedzi\/2017-07\/zacheta-biskupa-plockiego-przed-wyruszeniem-36-pieszej-pielgrzymki-diecezji-plockiej-na-jasna-gore\">zach\u0119ta Biskupa P\u0142ockiego<\/a> przed wyruszeniem 36 Pieszej Pielgrzymki Diecezji P\u0142ockiej na Jasn\u0105 G\u00f3r\u0119.<\/li>\n<li style=\"text-align: justify;\">Przypominamy, \u017ce podczas wakacji kancelaria parafialna czynna jest we wtorek, \u015brod\u0119 i pi\u0105tek w godz. 7:30 ? 8:30 i 16:00 ? 17:00.<\/li>\n<li style=\"text-align: justify;\">Zach\u0119camy do korzystania z <strong>prasy katolickiej<\/strong>: Rycerz Niepokalanej, Mi\u0142ujcie si\u0119, L?osservatore Romano, Go\u015b\u0107 Niedzielny ? z wzruszaj\u0105c\u0105 opowie\u015bci\u0105 o rodzinie opiekuj\u0105cej si\u0119 chor\u0105 matk\u0105.<\/li>\n<\/ol>\n","protected":false},"excerpt":{"rendered":"<p>XIV Niedziela zwyk\u0142a W czwartek to 13 dzie\u0144 lipca. Na nabo\u017ce\u0144stwo fatimskie po\u0142\u0105czone z procesj\u0105 zapraszamy na godz. 20:00. Mo\u017cemy zapisywa\u0107 si\u0119 na 36 piesz\u0105 pielgrzymk\u0119 Diecezji P\u0142ockiej na Jasn\u0105 G\u00f3r\u0119, kt\u00f3ra trwa\u0107 b\u0119dzie od 6 do 14 sierpnia, jak te\u017c i na pielgrzymk\u0119 duchow\u0105 &#8211; zach\u0119ta Biskupa P\u0142ockiego przed wyruszeniem 36 Pieszej Pielgrzymki Diecezji &hellip; <a href=\"http:\/\/www.mbfatimska.plock.opoka.org.pl\/index.php\/2017\/07\/09\/niedziela-9-lipca-2017r-ogloszenia\/\" class=\"more-link\">Czytaj dalej<span class=\"screen-reader-text\"> \u201eNiedziela 9 lipca 2017r. &#8211; Og\u0142oszenia\u201d<\/span><\/a><\/p>\n","protected":false},"author":1,"featured_media":0,"comment_status":"closed","ping_status":"closed","sticky":false,"template":"","format":"standard","meta":[],"categories":[4],"tags":[],"_links":{"self":[{"href":"http:\/\/www.mbfatimska.plock.opoka.org.pl\/index.php\/wp-json\/wp\/v2\/posts\/672"}],"collection":[{"href":"http:\/\/www.mbfatimska.plock.opoka.org.pl\/index.php\/wp-json\/wp\/v2\/posts"}],"about":[{"href":"http:\/\/www.mbfatimska.plock.opoka.org.pl\/index.php\/wp-json\/wp\/v2\/types\/post"}],"author":[{"embeddable":true,"href":"http:\/\/www.mbfatimska.plock.opoka.org.pl\/index.php\/wp-json\/wp\/v2\/users\/1"}],"replies":[{"embeddable":true,"href":"http:\/\/www.mbfatimska.plock.opoka.org.pl\/index.php\/wp-json\/wp\/v2\/comments?post=672"}],"version-history":[{"count":1,"href":"http:\/\/www.mbfatimska.plock.opoka.org.pl\/index.php\/wp-json\/wp\/v2\/posts\/672\/revisions"}],"predecessor-version":[{"id":673,"href":"http:\/\/www.mbfatimska.plock.opoka.org.pl\/index.php\/wp-json\/wp\/v2\/posts\/672\/revisions\/673"}],"wp:attachment":[{"href":"http:\/\/www.mbfatimska.plock.opoka.org.pl\/index.php\/wp-json\/wp\/v2\/media?parent=672"}],"wp:term":[{"taxonomy":"category","embeddable":true,"href":"http:\/\/www.mbfatimska.plock.opoka.org.pl\/index.php\/wp-json\/wp\/v2\/categories?post=672"},{"taxonomy":"post_tag","embeddable":true,"href":"http:\/\/www.mbfatimska.plock.opoka.org.pl\/index.php\/wp-json\/wp\/v2\/tags?post=672"}],"curies":[{"name":"wp","href":"https:\/\/api.w.org\/{rel}","templated":true}]}}