{"id":3827,"date":"2024-09-22T11:15:19","date_gmt":"2024-09-22T09:15:19","guid":{"rendered":"http:\/\/www.mbfatimska.plock.opoka.org.pl\/?p=3827"},"modified":"2024-09-22T11:15:19","modified_gmt":"2024-09-22T09:15:19","slug":"niedziela-22-wrzesnia-2024r-ogloszenia","status":"publish","type":"post","link":"http:\/\/www.mbfatimska.plock.opoka.org.pl\/index.php\/2024\/09\/22\/niedziela-22-wrzesnia-2024r-ogloszenia\/","title":{"rendered":"Niedziela 22 wrze\u015bnia 2024r. &#8211; Og\u0142oszenia"},"content":{"rendered":"<p><strong>XXV Niedziela zwyk\u0142a<\/strong><\/p>\n<ol>\n<li style=\"text-align: justify;\">O godzinie 19.00 w naszym ko\u015bciele b\u0119dziemy mogli wys\u0142ucha\u0107 kolejnej katechezy neokatechumenatu. Na kolejn\u0105 zapraszamy w \u015brod\u0119.<\/li>\n<li style=\"text-align: justify;\">Po Mszy \u015bw. o godzinie 10.00 odb\u0119dzie si\u0119 pierwsze spotkanie dla dzieci przygotowuj\u0105cych si\u0119 do przyj\u0119cia I Komunii \u015bw. i ich rodzic\u00f3w.<\/li>\n<li style=\"text-align: justify;\">Kandydat\u00f3w do bierzmowania prosimy o pobranie deklaracji z naszej strony internetowej i z\u0142o\u017cenie ich w kancelarii parafialnej do ko\u0144ca miesi\u0105ca.<\/li>\n<li style=\"text-align: justify;\">W sobot\u0119 (28 wrze\u015bnia) na ulicach P\u0142ocka, o godzinie 15.00, b\u0119dzie odmawiana Koronka do Bo\u017cego Mi\u0142osierdzia. Na terenie naszej parafii zgromadzimy si\u0119 w dw\u00f3ch miejscach: przy skrzy\u017cowaniu ulic wyszogrodzkiej i Granicznej oraz Lachmana, Kopernika i Gierzy\u0144skiego.<\/li>\n<li style=\"text-align: justify;\">W sobot\u0119 5 pa\u017adziernika 2024 r. odb\u0119dzie si\u0119 IX Diecezjalna Pielgrzymka K\u00f3\u0142 \u017bywego R\u00f3\u017ca\u0144ca do Sanktuarium Matki Bo\u017cej R\u00f3\u017ca\u0144cowej\u00a0 w Smardzewie pod has\u0142em:\u00a0<strong>\u201eR\u00f3\u017caniec si\u0142\u0105 w misji\u201d. <\/strong>Zapraszamy do udzia\u0142u w tym wydarzeniu cz\u0142onk\u00f3w K\u00f3\u0142 \u017bywego R\u00f3\u017ca\u0144ca.<\/li>\n<li style=\"text-align: justify;\">Po konsultacjach przeprowadzonych z Rad\u0105 Parafialn\u0105, Kuri\u0105 Diecezjaln\u0105, Rad\u0105 Mieszka\u0144c\u00f3w Osiedla Mi\u0119dzytorze &#8211; nasza parafia podj\u0119\u0142a decyzj\u0119 o kontynuowaniu prac zwi\u0105zanych z powstaniem domu pogrzebowego w budynku po by\u0142ej kaplicy. W\u0142a\u015bciciel domu pogrzebowego b\u0119dzie ten budynek dzier\u017cawi\u0142.<\/li>\n<li><strong>APEL BISKUPA P\u0141OCKIEGO O POMOC DLA POWODZIAN<\/strong><\/li>\n<\/ol>\n<p>&nbsp;<\/p>\n<p>Siostry i Bracia, od kilku dni po\u0142udniowo-zachodnia cz\u0119\u015b\u0107 Polski zmaga si\u0119 ze skutkami tragicznej powodzi. Pod wod\u0105 znalaz\u0142o si\u0119 wiele miejscowo\u015bci, a straty materialne s\u0105 ogromne.<\/p>\n<p>W zwi\u0105zku z tym, w odpowiedzi na pro\u015bb\u0119 ks. arcybiskupa Tadeusza Wojdy SAC, Przewodnicz\u0105cego Konferencji Episkopatu Polski, prosz\u0119, by w niedziel\u0119 22 wrze\u015bnia 2024 r., po wszystkich Mszach \u015bw., przed ko\u015bcio\u0142ami i kaplicami Diecezji P\u0142ockiej odby\u0142a si\u0119 zbi\u00f3rka do puszek na pomoc osobom poszkodowanym. Zebrane w ten spos\u00f3b \u015brodki zostan\u0105 przekazane osobom potrzebuj\u0105cym pomocy materialnej, za po\u015brednictwem Caritas Polska. Ufam, \u017ce dzi\u0119ki temu uda si\u0119 zabezpieczy\u0107 ich pilne potrzeby.<\/p>\n<p>&nbsp;<\/p>\n<p>Jednocze\u015bnie, w duchu solidarno\u015bci z naszymi rodakami, kt\u00f3rzy z powodu powodzi musz\u0105 zmaga\u0107 si\u0119 z wieloma trudno\u015bciami, prosz\u0119 o modlitw\u0119 w ich intencji. Niech Mi\u0142osierny Pan da im nadziej\u0119 i si\u0142y, kt\u00f3rych tak bardzo potrzebuj\u0105.<\/p>\n<p>Wszystkim Drogim Diecezjanom z serca dzi\u0119kuj\u0119 i udzielam pasterskiego b\u0142ogos\u0142awie\u0144stwa!<\/p>\n<p>&nbsp;<\/p>\n<p>P\u0142ock, dnia 17 wrze\u015bnia 2024 r.<\/p>\n<p><em>\u2020 Szymon Stu\u0142kowski<\/em><br \/>\n<em>Biskup P\u0142ocki<\/em><\/p>\n<p>&nbsp;<\/p>\n<ol start=\"8\">\n<li>Polecamy nowy numer Go\u015bcia Niedzielnego.<\/li>\n<\/ol>\n","protected":false},"excerpt":{"rendered":"<p>XXV Niedziela zwyk\u0142a O godzinie 19.00 w naszym ko\u015bciele b\u0119dziemy mogli wys\u0142ucha\u0107 kolejnej katechezy neokatechumenatu. Na kolejn\u0105 zapraszamy w \u015brod\u0119. Po Mszy \u015bw. o godzinie 10.00 odb\u0119dzie si\u0119 pierwsze spotkanie dla dzieci przygotowuj\u0105cych si\u0119 do przyj\u0119cia I Komunii \u015bw. i ich rodzic\u00f3w. Kandydat\u00f3w do bierzmowania prosimy o pobranie deklaracji z naszej strony internetowej i z\u0142o\u017cenie &hellip; <a href=\"http:\/\/www.mbfatimska.plock.opoka.org.pl\/index.php\/2024\/09\/22\/niedziela-22-wrzesnia-2024r-ogloszenia\/\" class=\"more-link\">Czytaj dalej<span class=\"screen-reader-text\"> \u201eNiedziela 22 wrze\u015bnia 2024r. &#8211; Og\u0142oszenia\u201d<\/span><\/a><\/p>\n","protected":false},"author":1,"featured_media":0,"comment_status":"closed","ping_status":"closed","sticky":false,"template":"","format":"standard","meta":[],"categories":[4],"tags":[],"_links":{"self":[{"href":"http:\/\/www.mbfatimska.plock.opoka.org.pl\/index.php\/wp-json\/wp\/v2\/posts\/3827"}],"collection":[{"href":"http:\/\/www.mbfatimska.plock.opoka.org.pl\/index.php\/wp-json\/wp\/v2\/posts"}],"about":[{"href":"http:\/\/www.mbfatimska.plock.opoka.org.pl\/index.php\/wp-json\/wp\/v2\/types\/post"}],"author":[{"embeddable":true,"href":"http:\/\/www.mbfatimska.plock.opoka.org.pl\/index.php\/wp-json\/wp\/v2\/users\/1"}],"replies":[{"embeddable":true,"href":"http:\/\/www.mbfatimska.plock.opoka.org.pl\/index.php\/wp-json\/wp\/v2\/comments?post=3827"}],"version-history":[{"count":1,"href":"http:\/\/www.mbfatimska.plock.opoka.org.pl\/index.php\/wp-json\/wp\/v2\/posts\/3827\/revisions"}],"predecessor-version":[{"id":3828,"href":"http:\/\/www.mbfatimska.plock.opoka.org.pl\/index.php\/wp-json\/wp\/v2\/posts\/3827\/revisions\/3828"}],"wp:attachment":[{"href":"http:\/\/www.mbfatimska.plock.opoka.org.pl\/index.php\/wp-json\/wp\/v2\/media?parent=3827"}],"wp:term":[{"taxonomy":"category","embeddable":true,"href":"http:\/\/www.mbfatimska.plock.opoka.org.pl\/index.php\/wp-json\/wp\/v2\/categories?post=3827"},{"taxonomy":"post_tag","embeddable":true,"href":"http:\/\/www.mbfatimska.plock.opoka.org.pl\/index.php\/wp-json\/wp\/v2\/tags?post=3827"}],"curies":[{"name":"wp","href":"https:\/\/api.w.org\/{rel}","templated":true}]}}