{"id":346,"date":"2017-02-19T10:08:57","date_gmt":"2017-02-19T09:08:57","guid":{"rendered":"http:\/\/www.mbfatimska.plock.opoka.org.pl\/?p=346"},"modified":"2017-02-19T14:56:36","modified_gmt":"2017-02-19T13:56:36","slug":"niedziela-19-lutego-2017r-ogloszenia","status":"publish","type":"post","link":"http:\/\/www.mbfatimska.plock.opoka.org.pl\/index.php\/2017\/02\/19\/niedziela-19-lutego-2017r-ogloszenia\/","title":{"rendered":"Niedziela 19 lutego 2017r. &#8211; Og\u0142oszenia"},"content":{"rendered":"<p><strong>VII Niedziela zwyk\u0142a<\/strong><\/p>\n<ol>\n<li style=\"text-align: justify;\">W \u015brod\u0119 22 lutego to 86 rocznica objawienia si\u0119 Jezusa Mi\u0142osiernego w P\u0142ocku siostrze Faustynie. Program uroczysto\u015bci wywieszony jest na plakacie (odno\u015bnik zamieszczony poni\u017cej). \u0141\u0105cz\u0105c si\u0119 duchowo mo\u017cemy zapali\u0107 \u015bwiat\u0142o Mi\u0142osierdzia w naszych domach.<\/li>\n<li style=\"text-align: justify;\">Rozpoczyna w naszej parafii praktyk\u0119 przed \u015bwi\u0119ceniami kap\u0142a\u0144skimi diakon Dawid Go\u0142\u0119biewski. Nasz\u0105 modlitw\u0105 wypraszajmy dla niego dar wytrwa\u0142o\u015bci.<\/li>\n<li style=\"text-align: justify;\">S\u0142owo Biskupa P\u0142ockiego Piotra Libery na <strong>50 Tydzie\u0144 Modlitw o Trze\u017awo\u015b\u0107 Narodu<\/strong>:<\/li>\n<\/ol>\n<p style=\"text-align: justify;\">Drodzy Diecezjanie!<\/p>\n<p style=\"text-align: justify;\">Jednym z\u00a0najwi\u0119kszych wyzwa\u0144, przed\u00a0jakimi stoi Ko\u015bci\u00f3\u0142 i\u00a0nasza Ojczyzna, jest ochrona trze\u017awo\u015bci. W\u00a0niedziel\u0119\u00a026 lutego br. rozpocznie si\u0119\u00a050. Tydzie\u0144 Modlitw o\u00a0Trze\u017awo\u015b\u0107 Narodu. Jest to szczeg\u00f3lny czas modlitwy o\u00a0trze\u017awo\u015b\u0107 w\u00a0naszych rodzinach i\u00a0wynagradzania Bogu za\u00a0grzechy pija\u0144stwa. Jubileuszowy Tydzie\u0144 Modlitw rozpoczyna Narodowy Kongres Trze\u017awo\u015bci, kt\u00f3rego has\u0142o brzmi: ?Ku trze\u017awo\u015bci Narodu. Odpowiedzialno\u015b\u0107 rodziny, Ko\u015bcio\u0142a, pa\u0144stwa i\u00a0samorz\u0105du?. Jest on wyj\u0105tkow\u0105 szans\u0105 na\u00a0zjednoczenie dzia\u0142a\u0144 wszystkich Polak\u00f3w. Ka\u017cdy z\u00a0nas mo\u017ce i\u00a0powinien wnie\u015b\u0107 osobisty wk\u0142ad w\u00a0przygotowanie i\u00a0przebieg Kongresu poprzez modlitw\u0119, czuwanie nad\u00a0w\u0142asn\u0105 trze\u017awo\u015bci\u0105 i\u00a0dawanie \u015bwiadectwa. Wyj\u0105tkowo cennym darem jest dar abstynencji w\u00a0roku Kongresu Trze\u017awo\u015bci. Niech nasza postawa i\u00a0zaanga\u017cowanie w\u00a0to dzie\u0142o, z\u00a0pomoc\u0105 \u0142aski Bo\u017cej, przyniesie b\u0142ogos\u0142awione owoce dla Ko\u015bcio\u0142a i\u00a0ca\u0142ej naszej Ojczyzny.<\/p>\n<p style=\"text-align: justify;\">P\u0142ock, dnia\u00a09 lutego\u00a02017 r. Wasz biskup Piotr<\/p>\n<ol start=\"4\">\n<li style=\"text-align: justify;\">Zach\u0119camy do nabywania i czytania <strong>prasy katolickiej<\/strong>: Rycerz Niepokalanej, Losservatore Romano, Ola i Ja\u015b, Ma\u0142y Go\u015b\u0107 Niedzielny z zach\u0119t\u0105 wielkopostn\u0105 ?Ratujmy razem \u015bwiat?, Mi\u0142ujcie si\u0119 i Go\u015b\u0107 Niedzielny ? a w nim: Polski biskup zosta\u0142 specjalnym wys\u0142annikiem Papie\u017ca Franciszka do Medjugorie, jaki jest cel tej podr\u00f3\u017cy? Mo\u017cna te\u017c naby\u0107 ksi\u0105\u017ck\u0119 z okazji 100 rocznicy objawie\u0144 w Fatimie w cenie 10z\u0142.<\/li>\n<\/ol>\n<p>Strona Si\u00f3str Matki Bo\u017cej Mi\u0142osierdzia\u00a0<a href=\"https:\/\/www.faustyna.pl\/zmbm\/plock\/85-rocznica-objawienia-obrazu-jezusa-milosiernego\/\" target=\"_blank\">www.faustyna.pl<\/a>.<\/p>\n<p>Strona Sanktuarium Bo\u017cego Mi\u0142osierdzia w P\u0142ocku:\u00a0<a href=\"http:\/\/www.milosierdzieplock.pl\/\" target=\"_blank\">www.milosierdzieplock.pl<\/a>.<\/p>\n","protected":false},"excerpt":{"rendered":"<p>VII Niedziela zwyk\u0142a W \u015brod\u0119 22 lutego to 86 rocznica objawienia si\u0119 Jezusa Mi\u0142osiernego w P\u0142ocku siostrze Faustynie. Program uroczysto\u015bci wywieszony jest na plakacie (odno\u015bnik zamieszczony poni\u017cej). \u0141\u0105cz\u0105c si\u0119 duchowo mo\u017cemy zapali\u0107 \u015bwiat\u0142o Mi\u0142osierdzia w naszych domach. Rozpoczyna w naszej parafii praktyk\u0119 przed \u015bwi\u0119ceniami kap\u0142a\u0144skimi diakon Dawid Go\u0142\u0119biewski. Nasz\u0105 modlitw\u0105 wypraszajmy dla niego dar wytrwa\u0142o\u015bci. &hellip; <a href=\"http:\/\/www.mbfatimska.plock.opoka.org.pl\/index.php\/2017\/02\/19\/niedziela-19-lutego-2017r-ogloszenia\/\" class=\"more-link\">Czytaj dalej<span class=\"screen-reader-text\"> \u201eNiedziela 19 lutego 2017r. &#8211; Og\u0142oszenia\u201d<\/span><\/a><\/p>\n","protected":false},"author":1,"featured_media":350,"comment_status":"closed","ping_status":"closed","sticky":false,"template":"","format":"standard","meta":[],"categories":[4],"tags":[],"_links":{"self":[{"href":"http:\/\/www.mbfatimska.plock.opoka.org.pl\/index.php\/wp-json\/wp\/v2\/posts\/346"}],"collection":[{"href":"http:\/\/www.mbfatimska.plock.opoka.org.pl\/index.php\/wp-json\/wp\/v2\/posts"}],"about":[{"href":"http:\/\/www.mbfatimska.plock.opoka.org.pl\/index.php\/wp-json\/wp\/v2\/types\/post"}],"author":[{"embeddable":true,"href":"http:\/\/www.mbfatimska.plock.opoka.org.pl\/index.php\/wp-json\/wp\/v2\/users\/1"}],"replies":[{"embeddable":true,"href":"http:\/\/www.mbfatimska.plock.opoka.org.pl\/index.php\/wp-json\/wp\/v2\/comments?post=346"}],"version-history":[{"count":4,"href":"http:\/\/www.mbfatimska.plock.opoka.org.pl\/index.php\/wp-json\/wp\/v2\/posts\/346\/revisions"}],"predecessor-version":[{"id":351,"href":"http:\/\/www.mbfatimska.plock.opoka.org.pl\/index.php\/wp-json\/wp\/v2\/posts\/346\/revisions\/351"}],"wp:featuredmedia":[{"embeddable":true,"href":"http:\/\/www.mbfatimska.plock.opoka.org.pl\/index.php\/wp-json\/wp\/v2\/media\/350"}],"wp:attachment":[{"href":"http:\/\/www.mbfatimska.plock.opoka.org.pl\/index.php\/wp-json\/wp\/v2\/media?parent=346"}],"wp:term":[{"taxonomy":"category","embeddable":true,"href":"http:\/\/www.mbfatimska.plock.opoka.org.pl\/index.php\/wp-json\/wp\/v2\/categories?post=346"},{"taxonomy":"post_tag","embeddable":true,"href":"http:\/\/www.mbfatimska.plock.opoka.org.pl\/index.php\/wp-json\/wp\/v2\/tags?post=346"}],"curies":[{"name":"wp","href":"https:\/\/api.w.org\/{rel}","templated":true}]}}