{"id":3319,"date":"2024-03-17T17:09:38","date_gmt":"2024-03-17T16:09:38","guid":{"rendered":"http:\/\/www.mbfatimska.plock.opoka.org.pl\/?p=3319"},"modified":"2024-03-17T17:09:38","modified_gmt":"2024-03-17T16:09:38","slug":"niedziela-17-marca-2024r-ogloszenia","status":"publish","type":"post","link":"http:\/\/www.mbfatimska.plock.opoka.org.pl\/index.php\/2024\/03\/17\/niedziela-17-marca-2024r-ogloszenia\/","title":{"rendered":"Niedziela 17 marca 2024r. &#8211; Og\u0142oszenia"},"content":{"rendered":"<p><strong>V Niedziela Wielkiego Postu<\/strong><\/p>\n<ol>\n<li style=\"text-align: justify;\">Dzisiaj po Mszy \u015awi\u0119tej o godz. 10:00 odb\u0119dzie si\u0119 spotkanie dla dzieci przygotowuj\u0105cych si\u0119 do Odnowienia Przyrzecze\u0144 Chrzcielnych, a po Mszy \u015awi\u0119tej o godz. 18:00 odb\u0119dzie si\u0119 spotkanie dla kandydat\u00f3w do Bierzmowania i ich \u015bwiadk\u00f3w.<\/li>\n<li style=\"text-align: justify;\">We wtorek m\u0142odzie\u017c naszej parafii prze\u017cyje uroczysto\u015b\u0107 przyj\u0119cia Sakramentu Bierzmowania na Mszy \u015awi\u0119tej o godz. 18:00, kt\u00f3rego udzieli ks. Bp Roman Marcinkowski.<\/li>\n<li style=\"text-align: justify;\">Nabo\u017ce\u0144stwo Drogi Krzy\u017cowej odprawiamy w pi\u0105tek o godz. 16:30 i 17:30, a Gorzkie \u017bale odprawiamy w niedziel\u0119 o godz. 17:30.<\/li>\n<li style=\"text-align: justify;\">B\u00f3g zap\u0142a\u0107 za ofiary sk\u0142adane na kwiaty i dekoracj\u0119 Grobu Chrystusa.<\/li>\n<li style=\"text-align: justify;\">Za tydzie\u0144 Niedziela Palmowa, kt\u00f3ra rozpoczyna Wielki Tydzie\u0144. Na pocz\u0105tku ka\u017cdej Mszy \u015awi\u0119tej pob\u0142ogos\u0142awimy palmy, kt\u00f3re przypominaj\u0105 uroczysty wjazd Jezusa do Jerozolimy.<\/li>\n<li style=\"text-align: justify;\">Dom Rekolekcyjny STUDNIA w P\u0142ocku przy ul. G\u00f3rnej 1 zaprasza 21 marca na kolejne spotkanie z cyklu Laboratorium Idei, temat: Neomarksizm &#8211; ko\u0144 troja\u0144ski w sercu Europy zachodniej, a w dniach 25-27 marca na Rekolekcje Wielkopostne &#8211; Przebaczenie w cieniu krzy\u017ca. Pocz\u0105tek rekolekcji w Wielki Poniedzia\u0142ek o godz. 19:30.<\/li>\n<li style=\"text-align: justify;\">Zach\u0119camy do korzystania z prasy katolickiej: Ma\u0142y Go\u015b\u0107 Niedzielny, Rycerz Niepokalanej, Go\u015b\u0107 Niedzielny i Go\u015b\u0107 Extra. Mo\u017cna te\u017c nabywa\u0107 Baranka Paschalnego do \u015bwi\u0119conki oraz karty \u015bwi\u0105teczne.<\/li>\n<li style=\"text-align: justify;\">Ko\u0144czymy nasze Rekolekcje Wielkopostne &#8211; dzi\u0119kujemy wszystkim, kt\u00f3rzy zaanga\u017cowali si\u0119 w prze\u017cycie naszych rekolekcji. Serdeczne podzi\u0119kowania kierujemy do Rekolekcjonisty\u00a0 &#8211; ks. Kamila Krakowskiego, kt\u00f3ry kieruj\u0105c do nas zamy\u015blenia rekolekcyjne pomaga\u0142 nam otwiera\u0107 serca na dar Bo\u017cego Mi\u0142osierdzia ubogacaj\u0105c nas Bogiem, kt\u00f3ry odnosi zwyci\u0119stwo swoj\u0105 mi\u0142o\u015bci\u0105. Dzi\u0119kuj\u0105c, \u017cyczymy by B\u00f3g dalej b\u0142ogos\u0142awi\u0142 w pracy, a Zmartwychwsta\u0142y Chrystus umacnia\u0142 mi\u0142o\u015b\u0107, kt\u00f3r\u0105 B\u00f3g zawsze zwyci\u0119\u017ca &#8211; Szcz\u0119\u015b\u0107 Bo\u017ce.<\/li>\n<\/ol>\n","protected":false},"excerpt":{"rendered":"<p>V Niedziela Wielkiego Postu Dzisiaj po Mszy \u015awi\u0119tej o godz. 10:00 odb\u0119dzie si\u0119 spotkanie dla dzieci przygotowuj\u0105cych si\u0119 do Odnowienia Przyrzecze\u0144 Chrzcielnych, a po Mszy \u015awi\u0119tej o godz. 18:00 odb\u0119dzie si\u0119 spotkanie dla kandydat\u00f3w do Bierzmowania i ich \u015bwiadk\u00f3w. We wtorek m\u0142odzie\u017c naszej parafii prze\u017cyje uroczysto\u015b\u0107 przyj\u0119cia Sakramentu Bierzmowania na Mszy \u015awi\u0119tej o godz. 18:00, &hellip; <a href=\"http:\/\/www.mbfatimska.plock.opoka.org.pl\/index.php\/2024\/03\/17\/niedziela-17-marca-2024r-ogloszenia\/\" class=\"more-link\">Czytaj dalej<span class=\"screen-reader-text\"> \u201eNiedziela 17 marca 2024r. &#8211; Og\u0142oszenia\u201d<\/span><\/a><\/p>\n","protected":false},"author":1,"featured_media":0,"comment_status":"closed","ping_status":"closed","sticky":false,"template":"","format":"standard","meta":[],"categories":[4],"tags":[],"_links":{"self":[{"href":"http:\/\/www.mbfatimska.plock.opoka.org.pl\/index.php\/wp-json\/wp\/v2\/posts\/3319"}],"collection":[{"href":"http:\/\/www.mbfatimska.plock.opoka.org.pl\/index.php\/wp-json\/wp\/v2\/posts"}],"about":[{"href":"http:\/\/www.mbfatimska.plock.opoka.org.pl\/index.php\/wp-json\/wp\/v2\/types\/post"}],"author":[{"embeddable":true,"href":"http:\/\/www.mbfatimska.plock.opoka.org.pl\/index.php\/wp-json\/wp\/v2\/users\/1"}],"replies":[{"embeddable":true,"href":"http:\/\/www.mbfatimska.plock.opoka.org.pl\/index.php\/wp-json\/wp\/v2\/comments?post=3319"}],"version-history":[{"count":1,"href":"http:\/\/www.mbfatimska.plock.opoka.org.pl\/index.php\/wp-json\/wp\/v2\/posts\/3319\/revisions"}],"predecessor-version":[{"id":3320,"href":"http:\/\/www.mbfatimska.plock.opoka.org.pl\/index.php\/wp-json\/wp\/v2\/posts\/3319\/revisions\/3320"}],"wp:attachment":[{"href":"http:\/\/www.mbfatimska.plock.opoka.org.pl\/index.php\/wp-json\/wp\/v2\/media?parent=3319"}],"wp:term":[{"taxonomy":"category","embeddable":true,"href":"http:\/\/www.mbfatimska.plock.opoka.org.pl\/index.php\/wp-json\/wp\/v2\/categories?post=3319"},{"taxonomy":"post_tag","embeddable":true,"href":"http:\/\/www.mbfatimska.plock.opoka.org.pl\/index.php\/wp-json\/wp\/v2\/tags?post=3319"}],"curies":[{"name":"wp","href":"https:\/\/api.w.org\/{rel}","templated":true}]}}