{"id":3245,"date":"2023-12-31T21:21:38","date_gmt":"2023-12-31T20:21:38","guid":{"rendered":"http:\/\/www.mbfatimska.plock.opoka.org.pl\/?p=3245"},"modified":"2023-12-31T21:21:38","modified_gmt":"2023-12-31T20:21:38","slug":"nowy-porzadek-mszy-swietych-niedzielnych","status":"publish","type":"post","link":"http:\/\/www.mbfatimska.plock.opoka.org.pl\/index.php\/2023\/12\/31\/nowy-porzadek-mszy-swietych-niedzielnych\/","title":{"rendered":"Nowy porz\u0105dek Mszy \u015awi\u0119tych niedzielnych"},"content":{"rendered":"<p style=\"text-align: justify;\"><strong>1 stycznia to\u00a0 Uroczysto\u015b\u0107\u00a0 \u015awi\u0119tej Bo\u017cej Rodzicielki. Msze \u015awi\u0119te odprawimy jak w niedziel\u0119, ale ju\u017c <span style=\"text-decoration: underline;\">wed\u0142ug nowego porz\u0105dku<\/span>, a wi\u0119c o godz. 8:00, 10:00, 12:00 i 18:00.<\/strong> I taki porz\u0105dek Mszy \u015awi\u0119tych b\u0119dzie w ka\u017cd\u0105 nast\u0119pn\u0105 niedziel\u0119.<\/p>\n<p><a href=\"http:\/\/www.mbfatimska.plock.opoka.org.pl\/wp-content\/uploads\/2023\/12\/msze-swiete-2024.jpg\" rel=\"lightbox[3245]\"><img loading=\"lazy\" class=\"aligncenter wp-image-3244 size-full\" src=\"http:\/\/www.mbfatimska.plock.opoka.org.pl\/wp-content\/uploads\/2023\/12\/msze-swiete-2024.jpg\" alt=\"\" width=\"800\" height=\"565\" srcset=\"http:\/\/www.mbfatimska.plock.opoka.org.pl\/wp-content\/uploads\/2023\/12\/msze-swiete-2024.jpg 800w, http:\/\/www.mbfatimska.plock.opoka.org.pl\/wp-content\/uploads\/2023\/12\/msze-swiete-2024-300x212.jpg 300w, http:\/\/www.mbfatimska.plock.opoka.org.pl\/wp-content\/uploads\/2023\/12\/msze-swiete-2024-768x542.jpg 768w\" sizes=\"(max-width: 709px) 85vw, (max-width: 909px) 67vw, (max-width: 984px) 61vw, (max-width: 1362px) 45vw, 600px\" \/><\/a><\/p>\n","protected":false},"excerpt":{"rendered":"<p>1 stycznia to\u00a0 Uroczysto\u015b\u0107\u00a0 \u015awi\u0119tej Bo\u017cej Rodzicielki. Msze \u015awi\u0119te odprawimy jak w niedziel\u0119, ale ju\u017c wed\u0142ug nowego porz\u0105dku, a wi\u0119c o godz. 8:00, 10:00, 12:00 i 18:00. I taki porz\u0105dek Mszy \u015awi\u0119tych b\u0119dzie w ka\u017cd\u0105 nast\u0119pn\u0105 niedziel\u0119.<\/p>\n","protected":false},"author":1,"featured_media":0,"comment_status":"closed","ping_status":"closed","sticky":false,"template":"","format":"standard","meta":[],"categories":[5],"tags":[],"_links":{"self":[{"href":"http:\/\/www.mbfatimska.plock.opoka.org.pl\/index.php\/wp-json\/wp\/v2\/posts\/3245"}],"collection":[{"href":"http:\/\/www.mbfatimska.plock.opoka.org.pl\/index.php\/wp-json\/wp\/v2\/posts"}],"about":[{"href":"http:\/\/www.mbfatimska.plock.opoka.org.pl\/index.php\/wp-json\/wp\/v2\/types\/post"}],"author":[{"embeddable":true,"href":"http:\/\/www.mbfatimska.plock.opoka.org.pl\/index.php\/wp-json\/wp\/v2\/users\/1"}],"replies":[{"embeddable":true,"href":"http:\/\/www.mbfatimska.plock.opoka.org.pl\/index.php\/wp-json\/wp\/v2\/comments?post=3245"}],"version-history":[{"count":1,"href":"http:\/\/www.mbfatimska.plock.opoka.org.pl\/index.php\/wp-json\/wp\/v2\/posts\/3245\/revisions"}],"predecessor-version":[{"id":3246,"href":"http:\/\/www.mbfatimska.plock.opoka.org.pl\/index.php\/wp-json\/wp\/v2\/posts\/3245\/revisions\/3246"}],"wp:attachment":[{"href":"http:\/\/www.mbfatimska.plock.opoka.org.pl\/index.php\/wp-json\/wp\/v2\/media?parent=3245"}],"wp:term":[{"taxonomy":"category","embeddable":true,"href":"http:\/\/www.mbfatimska.plock.opoka.org.pl\/index.php\/wp-json\/wp\/v2\/categories?post=3245"},{"taxonomy":"post_tag","embeddable":true,"href":"http:\/\/www.mbfatimska.plock.opoka.org.pl\/index.php\/wp-json\/wp\/v2\/tags?post=3245"}],"curies":[{"name":"wp","href":"https:\/\/api.w.org\/{rel}","templated":true}]}}