{"id":3242,"date":"2023-12-31T09:22:06","date_gmt":"2023-12-31T08:22:06","guid":{"rendered":"http:\/\/www.mbfatimska.plock.opoka.org.pl\/?p=3242"},"modified":"2023-12-31T09:22:06","modified_gmt":"2023-12-31T08:22:06","slug":"niedziela-31-grudnia-2023r-ogloszenia","status":"publish","type":"post","link":"http:\/\/www.mbfatimska.plock.opoka.org.pl\/index.php\/2023\/12\/31\/niedziela-31-grudnia-2023r-ogloszenia\/","title":{"rendered":"Niedziela 31 grudnia 2023r. &#8211; Og\u0142oszenia"},"content":{"rendered":"<p><strong>\u015awi\u0119to \u015awi\u0119tej Rodziny<\/strong><\/p>\n<ol>\n<li style=\"text-align: justify;\">Ko\u0144czymy dzisiaj Rok 2023. Zapraszamy na Msz\u0119 \u015awi\u0119t\u0105 dzi\u0119kczynn\u0105 na godz. 18:00, po kt\u00f3rej b\u0119dzie wystawienie Naj\u015bwi\u0119tszego Sakramentu i nabo\u017ce\u0144stwo dzi\u0119kczynno &#8211; b\u0142agalne za miniony Rok.<\/li>\n<li style=\"text-align: justify;\">W przysz\u0142\u0105 niedziel\u0119 po Mszy \u015awi\u0119tej o godz. 18:00 odb\u0119dzie si\u0119 spotkanie dla kandydat\u00f3w do Bierzmowania.<\/li>\n<li style=\"text-align: justify;\">Ofiar na wsparcie naszej parafii wp\u0142yn\u0119\u0142o od 46 Rodzin w grudniu. Przekazali\u015bmy ofiar\u0119 w kwocie 6380z\u0142. Serdeczne B\u00f3g zap\u0142a\u0107.<\/li>\n<li style=\"text-align: justify;\">We wtorek po Mszy \u015awi\u0119tej o godz. 18:00 odm\u00f3wimy R\u00f3\u017caniec za dar naszej \u015bwi\u0105tyni i wszystkich jej ofiarodawc\u00f3w.<\/li>\n<li style=\"text-align: justify;\">Jutro <strong>1 stycznia &#8211; Uroczysto\u015b\u0107\u00a0 \u015awi\u0119tej Bo\u017cej Rodzicielki. Msze \u015awi\u0119te odprawimy jak w niedziel\u0119, ale ju\u017c wed\u0142ug nowego porz\u0105dku, a wi\u0119c o godz. 8:00, 10:00, 12:00 i 18:00.<\/strong> I taki porz\u0105dek Mszy \u015awi\u0119tych b\u0119dzie w ka\u017cd\u0105 nast\u0119pn\u0105 niedziel\u0119.<\/li>\n<li style=\"text-align: justify;\">W sobot\u0119 <strong>6 stycznia &#8211; Uroczysto\u015b\u0107 Objawienia Pa\u0144skiego, Trzech Kr\u00f3li. W tym dniu \u015bwi\u0119cimy kadzid\u0142o i kred\u0119, kt\u00f3r\u0105 na drzwiach naszych domostw kre\u015blimy imiona M\u0119drc\u00f3w ze Wschodu: Kacper, Melchior i Baltazar, dodaj\u0105c cyfry Roku Pa\u0144skiego. Msze \u015awi\u0119te odprawimy jak w niedziel\u0119, a wi\u0119c o godz. 8:00, 10:00, 12:00 i 18:00<\/strong>, modl\u0105c si\u0119 w intencji misji, a ofiary z\u0142o\u017cone na tac\u0119 przeznaczone s\u0105 na cele misyjne. R\u00f3wnie\u017c 6 stycznia w P\u0142ocku odb\u0119dzie si\u0119 XIII Orszak Trzech Kr\u00f3li.<\/li>\n<li style=\"text-align: justify;\">W tym tygodniu przypada pierwszy pi\u0105tek i pierwsza sobota miesi\u0105ca. Msze \u015awi\u0119te w pi\u0105tek o godz. 7:00 i 18:00. Chorych odwiedzimy w pi\u0105tek od godz. 8:00, a w sobot\u0119 w Uroczysto\u015b\u0107 Trzech Kr\u00f3li po Mszy \u015awi\u0119tej o godz. 18:00 zapraszamy na nabo\u017ce\u0144stwo wynagradzaj\u0105ce Niepokalanemu Sercu Maryi.<\/li>\n<li style=\"text-align: justify;\">Przypominamy, \u017ce kancelaria parafialna podczas kol\u0119dy czynna jest tylko rano, od godz. 7:30 do 8:30.<\/li>\n<li style=\"text-align: justify;\">Zach\u0119camy do korzystania z prasy katolickiej.<\/li>\n<li style=\"text-align: justify;\">Dzisiaj spotkanie R\u00f3\u017ca\u0144cowe po Mszy \u015awi\u0119tej o godz. 16:00.<\/li>\n<li style=\"text-align: justify;\">Plan wizyty kol\u0119dowej w tym tygodniu:<\/li>\n<\/ol>\n<p><strong>WTOREK 2 stycznia 2024r.<\/strong><br \/>\nod godz. 15:00 ul. Graniczna (tylko domy jednorodzinne)<br \/>\noraz ul. Otoli\u0144ska, Oksi\u0144skiego, Wilgi i Zagajnik<\/p>\n<p><strong>\u015aRODA 3 stycznia 2024r.<\/strong><br \/>\nod godz. 9:00 ul. Kolberga, Stod\u00f3\u0142kiewicza i Kopernika<br \/>\nod godz. 15:00 ul. Lachmana 2<\/p>\n<p><strong>CZWARTEK 4 stycznia 2024r.<\/strong><br \/>\nod godz. 15:00 ul. Lachmana 4 i 8<\/p>\n<p><strong>PI\u0104TEK 5 stycznia 2024r.<\/strong><br \/>\nod godz. 15:00 ul. Lachmana 12<br \/>\nod godz. 18:00 ul. Lachmana 6<\/p>\n","protected":false},"excerpt":{"rendered":"<p>\u015awi\u0119to \u015awi\u0119tej Rodziny Ko\u0144czymy dzisiaj Rok 2023. Zapraszamy na Msz\u0119 \u015awi\u0119t\u0105 dzi\u0119kczynn\u0105 na godz. 18:00, po kt\u00f3rej b\u0119dzie wystawienie Naj\u015bwi\u0119tszego Sakramentu i nabo\u017ce\u0144stwo dzi\u0119kczynno &#8211; b\u0142agalne za miniony Rok. W przysz\u0142\u0105 niedziel\u0119 po Mszy \u015awi\u0119tej o godz. 18:00 odb\u0119dzie si\u0119 spotkanie dla kandydat\u00f3w do Bierzmowania. Ofiar na wsparcie naszej parafii wp\u0142yn\u0119\u0142o od 46 Rodzin w &hellip; <a href=\"http:\/\/www.mbfatimska.plock.opoka.org.pl\/index.php\/2023\/12\/31\/niedziela-31-grudnia-2023r-ogloszenia\/\" class=\"more-link\">Czytaj dalej<span class=\"screen-reader-text\"> \u201eNiedziela 31 grudnia 2023r. &#8211; Og\u0142oszenia\u201d<\/span><\/a><\/p>\n","protected":false},"author":1,"featured_media":0,"comment_status":"closed","ping_status":"closed","sticky":false,"template":"","format":"standard","meta":[],"categories":[4],"tags":[],"_links":{"self":[{"href":"http:\/\/www.mbfatimska.plock.opoka.org.pl\/index.php\/wp-json\/wp\/v2\/posts\/3242"}],"collection":[{"href":"http:\/\/www.mbfatimska.plock.opoka.org.pl\/index.php\/wp-json\/wp\/v2\/posts"}],"about":[{"href":"http:\/\/www.mbfatimska.plock.opoka.org.pl\/index.php\/wp-json\/wp\/v2\/types\/post"}],"author":[{"embeddable":true,"href":"http:\/\/www.mbfatimska.plock.opoka.org.pl\/index.php\/wp-json\/wp\/v2\/users\/1"}],"replies":[{"embeddable":true,"href":"http:\/\/www.mbfatimska.plock.opoka.org.pl\/index.php\/wp-json\/wp\/v2\/comments?post=3242"}],"version-history":[{"count":1,"href":"http:\/\/www.mbfatimska.plock.opoka.org.pl\/index.php\/wp-json\/wp\/v2\/posts\/3242\/revisions"}],"predecessor-version":[{"id":3243,"href":"http:\/\/www.mbfatimska.plock.opoka.org.pl\/index.php\/wp-json\/wp\/v2\/posts\/3242\/revisions\/3243"}],"wp:attachment":[{"href":"http:\/\/www.mbfatimska.plock.opoka.org.pl\/index.php\/wp-json\/wp\/v2\/media?parent=3242"}],"wp:term":[{"taxonomy":"category","embeddable":true,"href":"http:\/\/www.mbfatimska.plock.opoka.org.pl\/index.php\/wp-json\/wp\/v2\/categories?post=3242"},{"taxonomy":"post_tag","embeddable":true,"href":"http:\/\/www.mbfatimska.plock.opoka.org.pl\/index.php\/wp-json\/wp\/v2\/tags?post=3242"}],"curies":[{"name":"wp","href":"https:\/\/api.w.org\/{rel}","templated":true}]}}