{"id":2514,"date":"2021-08-15T16:27:09","date_gmt":"2021-08-15T14:27:09","guid":{"rendered":"http:\/\/www.mbfatimska.plock.opoka.org.pl\/?p=2514"},"modified":"2021-08-15T16:27:09","modified_gmt":"2021-08-15T14:27:09","slug":"niedziela-15-sierpnia-2021r-ogloszenia","status":"publish","type":"post","link":"http:\/\/www.mbfatimska.plock.opoka.org.pl\/index.php\/2021\/08\/15\/niedziela-15-sierpnia-2021r-ogloszenia\/","title":{"rendered":"Niedziela 15 sierpnia 2021r. &#8211; Og\u0142oszenia"},"content":{"rendered":"<p><strong>Uroczysto\u015b\u0107 Wniebowzi\u0119cia Naj\u015bwi\u0119tszej Maryi Panny<\/strong><\/p>\n<ol>\n<li style=\"text-align: justify;\">Dzisiejsza Uroczysto\u015b\u0107 Wniebowzi\u0119cia Naj\u015bwi\u0119tszej Maryi Panny jest te\u017c dzi\u0119kczynieniem za tegoroczne zbiory, kt\u00f3re za chwil\u0119 po\u015bwi\u0119cimy. S\u0105 one te\u017c wzorem naszych dobrych czyn\u00f3w, kt\u00f3re my przedstawimy Bogu, gdy si\u0119 z Nim spotkamy.<\/li>\n<li style=\"text-align: justify;\">Zach\u0119camy do korzystania z prasy katolickiej, a w Go\u015bciu Niedzielnym przeczytamy &#8211; gdzie Maryja przebywa\u0142a po Wniebowst\u0105pieniu Pana Jezusa i jak sko\u0144czy\u0142o si\u0119 Jej ziemskie \u017cycie.<\/li>\n<\/ol>\n","protected":false},"excerpt":{"rendered":"<p>Uroczysto\u015b\u0107 Wniebowzi\u0119cia Naj\u015bwi\u0119tszej Maryi Panny Dzisiejsza Uroczysto\u015b\u0107 Wniebowzi\u0119cia Naj\u015bwi\u0119tszej Maryi Panny jest te\u017c dzi\u0119kczynieniem za tegoroczne zbiory, kt\u00f3re za chwil\u0119 po\u015bwi\u0119cimy. S\u0105 one te\u017c wzorem naszych dobrych czyn\u00f3w, kt\u00f3re my przedstawimy Bogu, gdy si\u0119 z Nim spotkamy. Zach\u0119camy do korzystania z prasy katolickiej, a w Go\u015bciu Niedzielnym przeczytamy &#8211; gdzie Maryja przebywa\u0142a po Wniebowst\u0105pieniu Pana &hellip; <a href=\"http:\/\/www.mbfatimska.plock.opoka.org.pl\/index.php\/2021\/08\/15\/niedziela-15-sierpnia-2021r-ogloszenia\/\" class=\"more-link\">Czytaj dalej<span class=\"screen-reader-text\"> \u201eNiedziela 15 sierpnia 2021r. &#8211; Og\u0142oszenia\u201d<\/span><\/a><\/p>\n","protected":false},"author":1,"featured_media":0,"comment_status":"closed","ping_status":"closed","sticky":false,"template":"","format":"standard","meta":[],"categories":[4],"tags":[],"_links":{"self":[{"href":"http:\/\/www.mbfatimska.plock.opoka.org.pl\/index.php\/wp-json\/wp\/v2\/posts\/2514"}],"collection":[{"href":"http:\/\/www.mbfatimska.plock.opoka.org.pl\/index.php\/wp-json\/wp\/v2\/posts"}],"about":[{"href":"http:\/\/www.mbfatimska.plock.opoka.org.pl\/index.php\/wp-json\/wp\/v2\/types\/post"}],"author":[{"embeddable":true,"href":"http:\/\/www.mbfatimska.plock.opoka.org.pl\/index.php\/wp-json\/wp\/v2\/users\/1"}],"replies":[{"embeddable":true,"href":"http:\/\/www.mbfatimska.plock.opoka.org.pl\/index.php\/wp-json\/wp\/v2\/comments?post=2514"}],"version-history":[{"count":1,"href":"http:\/\/www.mbfatimska.plock.opoka.org.pl\/index.php\/wp-json\/wp\/v2\/posts\/2514\/revisions"}],"predecessor-version":[{"id":2515,"href":"http:\/\/www.mbfatimska.plock.opoka.org.pl\/index.php\/wp-json\/wp\/v2\/posts\/2514\/revisions\/2515"}],"wp:attachment":[{"href":"http:\/\/www.mbfatimska.plock.opoka.org.pl\/index.php\/wp-json\/wp\/v2\/media?parent=2514"}],"wp:term":[{"taxonomy":"category","embeddable":true,"href":"http:\/\/www.mbfatimska.plock.opoka.org.pl\/index.php\/wp-json\/wp\/v2\/categories?post=2514"},{"taxonomy":"post_tag","embeddable":true,"href":"http:\/\/www.mbfatimska.plock.opoka.org.pl\/index.php\/wp-json\/wp\/v2\/tags?post=2514"}],"curies":[{"name":"wp","href":"https:\/\/api.w.org\/{rel}","templated":true}]}}