{"id":2339,"date":"2021-03-14T14:11:16","date_gmt":"2021-03-14T13:11:16","guid":{"rendered":"http:\/\/www.mbfatimska.plock.opoka.org.pl\/?p=2339"},"modified":"2021-03-15T20:32:19","modified_gmt":"2021-03-15T19:32:19","slug":"niedziela-14-marca-2021r-ogloszenia","status":"publish","type":"post","link":"http:\/\/www.mbfatimska.plock.opoka.org.pl\/index.php\/2021\/03\/14\/niedziela-14-marca-2021r-ogloszenia\/","title":{"rendered":"Niedziela 14 marca 2021r. &#8211; Og\u0142oszenia"},"content":{"rendered":"<p><strong>IV Niedziela Wielkiego Postu<\/strong><\/p>\n<ol>\n<li style=\"text-align: justify;\">Dzisiaj po Mszy \u015awi\u0119tej o godz. 16:00 odb\u0119dzie si\u0119 spotkanie dla dzieci przygotowuj\u0105cych si\u0119 do Pierwszej Komunii \u015awi\u0119tej. W przysz\u0142\u0105 niedziel\u0119, ale po Mszy \u015awi\u0119tej o godz. 10:30 odb\u0119dzie si\u0119 spotkanie dla dzieci przygotowuj\u0105cych si\u0119 do Odnowienia Przyrzecze\u0144 Chrzcielnych i ich Rodzic\u00f3w &#8211; spotkanie po tej Mszy \u015awi\u0119tej z racji naszych Rekolekcji.<\/li>\n<li style=\"text-align: justify;\">W tym tygodniu prze\u017cyjemy nasze Rekolekcje Wielkopostne &#8222;Dekalog &#8211; S\u0142owa Boga, kt\u00f3re nie przemijaj\u0105&#8221;. Plan prezentujemy poni\u017cej.<\/li>\n<li style=\"text-align: justify;\">Dzi\u0119kujemy za ofiary sk\u0142adane na kwiaty i dekoracj\u0119 Grobu Chrystusa.<\/li>\n<li style=\"text-align: justify;\">Jak og\u0142aszali\u015bmy naszymi ofiarami do puszek mo\u017cemy dzisiaj wesprze\u0107 Rodziny potrzebuj\u0105ce z naszej parafii. B\u00f3g zap\u0142a\u0107.<\/li>\n<li style=\"text-align: justify;\">Zach\u0119camy do nabywania i korzystania z prasy katolickiej. Mo\u017cna te\u017c nabywa\u0107 karty \u015bwi\u0105teczne i Baranka Paschalnego &#8211; a ofiary s\u0105 wsparciem dzie\u0142, kt\u00f3re prowadzi Caritas. Przy wyj\u015bciu mo\u017cna te\u017c zabra\u0107 plan naszych Rekolekcji Wielkopostnych.<\/li>\n<\/ol>\n<figure id=\"attachment_2353\" aria-describedby=\"caption-attachment-2353\" style=\"width: 227px\" class=\"wp-caption aligncenter\"><a href=\"http:\/\/www.mbfatimska.plock.opoka.org.pl\/wp-content\/uploads\/2021\/03\/2021-03-15-20-28-15-01c.jpg\" rel=\"lightbox[2339]\"><img loading=\"lazy\" class=\"wp-image-2353 size-medium\" src=\"http:\/\/www.mbfatimska.plock.opoka.org.pl\/wp-content\/uploads\/2021\/03\/2021-03-15-20-28-15-01c-227x300.jpg\" alt=\"\" width=\"227\" height=\"300\" srcset=\"http:\/\/www.mbfatimska.plock.opoka.org.pl\/wp-content\/uploads\/2021\/03\/2021-03-15-20-28-15-01c-227x300.jpg 227w, http:\/\/www.mbfatimska.plock.opoka.org.pl\/wp-content\/uploads\/2021\/03\/2021-03-15-20-28-15-01c-774x1024.jpg 774w, http:\/\/www.mbfatimska.plock.opoka.org.pl\/wp-content\/uploads\/2021\/03\/2021-03-15-20-28-15-01c-768x1016.jpg 768w, http:\/\/www.mbfatimska.plock.opoka.org.pl\/wp-content\/uploads\/2021\/03\/2021-03-15-20-28-15-01c.jpg 900w\" sizes=\"(max-width: 227px) 85vw, 227px\" \/><\/a><figcaption id=\"caption-attachment-2353\" class=\"wp-caption-text\">Plan Rekolekcji Wielkopostnych 18-21 marca 2021r.<\/figcaption><\/figure>\n","protected":false},"excerpt":{"rendered":"<p>IV Niedziela Wielkiego Postu Dzisiaj po Mszy \u015awi\u0119tej o godz. 16:00 odb\u0119dzie si\u0119 spotkanie dla dzieci przygotowuj\u0105cych si\u0119 do Pierwszej Komunii \u015awi\u0119tej. W przysz\u0142\u0105 niedziel\u0119, ale po Mszy \u015awi\u0119tej o godz. 10:30 odb\u0119dzie si\u0119 spotkanie dla dzieci przygotowuj\u0105cych si\u0119 do Odnowienia Przyrzecze\u0144 Chrzcielnych i ich Rodzic\u00f3w &#8211; spotkanie po tej Mszy \u015awi\u0119tej z racji naszych &hellip; <a href=\"http:\/\/www.mbfatimska.plock.opoka.org.pl\/index.php\/2021\/03\/14\/niedziela-14-marca-2021r-ogloszenia\/\" class=\"more-link\">Czytaj dalej<span class=\"screen-reader-text\"> \u201eNiedziela 14 marca 2021r. &#8211; Og\u0142oszenia\u201d<\/span><\/a><\/p>\n","protected":false},"author":1,"featured_media":0,"comment_status":"closed","ping_status":"closed","sticky":false,"template":"","format":"standard","meta":[],"categories":[4],"tags":[],"_links":{"self":[{"href":"http:\/\/www.mbfatimska.plock.opoka.org.pl\/index.php\/wp-json\/wp\/v2\/posts\/2339"}],"collection":[{"href":"http:\/\/www.mbfatimska.plock.opoka.org.pl\/index.php\/wp-json\/wp\/v2\/posts"}],"about":[{"href":"http:\/\/www.mbfatimska.plock.opoka.org.pl\/index.php\/wp-json\/wp\/v2\/types\/post"}],"author":[{"embeddable":true,"href":"http:\/\/www.mbfatimska.plock.opoka.org.pl\/index.php\/wp-json\/wp\/v2\/users\/1"}],"replies":[{"embeddable":true,"href":"http:\/\/www.mbfatimska.plock.opoka.org.pl\/index.php\/wp-json\/wp\/v2\/comments?post=2339"}],"version-history":[{"count":4,"href":"http:\/\/www.mbfatimska.plock.opoka.org.pl\/index.php\/wp-json\/wp\/v2\/posts\/2339\/revisions"}],"predecessor-version":[{"id":2354,"href":"http:\/\/www.mbfatimska.plock.opoka.org.pl\/index.php\/wp-json\/wp\/v2\/posts\/2339\/revisions\/2354"}],"wp:attachment":[{"href":"http:\/\/www.mbfatimska.plock.opoka.org.pl\/index.php\/wp-json\/wp\/v2\/media?parent=2339"}],"wp:term":[{"taxonomy":"category","embeddable":true,"href":"http:\/\/www.mbfatimska.plock.opoka.org.pl\/index.php\/wp-json\/wp\/v2\/categories?post=2339"},{"taxonomy":"post_tag","embeddable":true,"href":"http:\/\/www.mbfatimska.plock.opoka.org.pl\/index.php\/wp-json\/wp\/v2\/tags?post=2339"}],"curies":[{"name":"wp","href":"https:\/\/api.w.org\/{rel}","templated":true}]}}