{"id":2334,"date":"2021-03-07T14:00:26","date_gmt":"2021-03-07T13:00:26","guid":{"rendered":"http:\/\/www.mbfatimska.plock.opoka.org.pl\/?p=2334"},"modified":"2021-03-07T14:18:11","modified_gmt":"2021-03-07T13:18:11","slug":"oswiadczenie-biskupow-diecezji-plockiej-w-sprawie-wyroku-dotyczacego-profanacji-wizerunku-matki-boskiej","status":"publish","type":"post","link":"http:\/\/www.mbfatimska.plock.opoka.org.pl\/index.php\/2021\/03\/07\/oswiadczenie-biskupow-diecezji-plockiej-w-sprawie-wyroku-dotyczacego-profanacji-wizerunku-matki-boskiej\/","title":{"rendered":"O\u015bwiadczenie Biskup\u00f3w Diecezji P\u0142ockiej w sprawie wyroku dotycz\u0105cego profanacji wizerunku Matki Boskiej"},"content":{"rendered":"<div class=\"opis\">\n<p><strong>O\u015aWIADCZENIE BISKUP\u00d3W DIECEZJI P\u0141OCKIEJ <\/strong><strong>W SPRAWIE WYROKU DOTYCZ\u0104CEGO PROFANACJI <\/strong><strong>WIZERUNKU MATKI BOSKIEJ<\/strong><\/p>\n<p>Z b\u00f3lem i smutkiem przyj\u0119li\u015bmy wyrok S\u0105du Rejonowego w P\u0142ocku, z dnia 2 marca 2021 roku, w sprawie dotycz\u0105cej profanacji wizerunku Matki Boskiej Cz\u0119stochowskiej w naszym mie\u015bcie, w kwietniu 2019 roku. Zauwa\u017camy, \u017ce dzia\u0142ania, kt\u00f3rych dotyczy\u0142o post\u0119powanie s\u0105dowe, w spos\u00f3b oczywisty narusza\u0142y \u0142ad spo\u0142eczny i \u2013 w swojej istocie \u2013 s\u0105 zaprzeczeniem idei tolerancji, na kt\u00f3r\u0105 powo\u0142uj\u0105 si\u0119 sprawcy.<\/p>\n<p>Nie godzimy si\u0119 z wyrokiem, kt\u00f3ry przez wielu okre\u015blony ju\u017c zosta\u0142, jako jawne przyzwolenie Pa\u0144stwa na dzia\u0142ania wymierzone w religi\u0119 katolick\u0105, cze\u015b\u0107 Matki Bo\u017cej i przedmioty kultu z Ni\u0105 zwi\u0105zane oraz uczucia katolik\u00f3w. Wyra\u017camy g\u0142\u0119bok\u0105 nadziej\u0119, \u017ce s\u0105d II instancji, zgodnie z prawem, opowie si\u0119 przeciw dokonanej profanacji, przywracaj\u0105c zachwiane poczucie sprawiedliwo\u015bci.<\/p>\n<p style=\"text-align: center;\">P\u0142ock, 3 marca 2021 r.<\/p>\n<p style=\"text-align: center;\"><em>\u2020 Piotr Libera <\/em><br \/>\n<em>Biskup P\u0142ocki<\/em><\/p>\n<p style=\"text-align: center;\"><em>\u2020 Miros\u0142aw Milewski<\/em><br \/>\n<em> biskup pomocniczy<\/em><\/p>\n<p style=\"text-align: center;\"><em>\u2020 Roman Marcinkowski<\/em><br \/>\n<em> biskup senior<\/em><\/p>\n<\/div>\n","protected":false},"excerpt":{"rendered":"<p>O\u015aWIADCZENIE BISKUP\u00d3W DIECEZJI P\u0141OCKIEJ W SPRAWIE WYROKU DOTYCZ\u0104CEGO PROFANACJI WIZERUNKU MATKI BOSKIEJ Z b\u00f3lem i smutkiem przyj\u0119li\u015bmy wyrok S\u0105du Rejonowego w P\u0142ocku, z dnia 2 marca 2021 roku, w sprawie dotycz\u0105cej profanacji wizerunku Matki Boskiej Cz\u0119stochowskiej w naszym mie\u015bcie, w kwietniu 2019 roku. Zauwa\u017camy, \u017ce dzia\u0142ania, kt\u00f3rych dotyczy\u0142o post\u0119powanie s\u0105dowe, w spos\u00f3b oczywisty narusza\u0142y \u0142ad &hellip; <a href=\"http:\/\/www.mbfatimska.plock.opoka.org.pl\/index.php\/2021\/03\/07\/oswiadczenie-biskupow-diecezji-plockiej-w-sprawie-wyroku-dotyczacego-profanacji-wizerunku-matki-boskiej\/\" class=\"more-link\">Czytaj dalej<span class=\"screen-reader-text\"> \u201eO\u015bwiadczenie Biskup\u00f3w Diecezji P\u0142ockiej w sprawie wyroku dotycz\u0105cego profanacji wizerunku Matki Boskiej\u201d<\/span><\/a><\/p>\n","protected":false},"author":1,"featured_media":0,"comment_status":"closed","ping_status":"closed","sticky":false,"template":"","format":"standard","meta":[],"categories":[1],"tags":[],"_links":{"self":[{"href":"http:\/\/www.mbfatimska.plock.opoka.org.pl\/index.php\/wp-json\/wp\/v2\/posts\/2334"}],"collection":[{"href":"http:\/\/www.mbfatimska.plock.opoka.org.pl\/index.php\/wp-json\/wp\/v2\/posts"}],"about":[{"href":"http:\/\/www.mbfatimska.plock.opoka.org.pl\/index.php\/wp-json\/wp\/v2\/types\/post"}],"author":[{"embeddable":true,"href":"http:\/\/www.mbfatimska.plock.opoka.org.pl\/index.php\/wp-json\/wp\/v2\/users\/1"}],"replies":[{"embeddable":true,"href":"http:\/\/www.mbfatimska.plock.opoka.org.pl\/index.php\/wp-json\/wp\/v2\/comments?post=2334"}],"version-history":[{"count":1,"href":"http:\/\/www.mbfatimska.plock.opoka.org.pl\/index.php\/wp-json\/wp\/v2\/posts\/2334\/revisions"}],"predecessor-version":[{"id":2335,"href":"http:\/\/www.mbfatimska.plock.opoka.org.pl\/index.php\/wp-json\/wp\/v2\/posts\/2334\/revisions\/2335"}],"wp:attachment":[{"href":"http:\/\/www.mbfatimska.plock.opoka.org.pl\/index.php\/wp-json\/wp\/v2\/media?parent=2334"}],"wp:term":[{"taxonomy":"category","embeddable":true,"href":"http:\/\/www.mbfatimska.plock.opoka.org.pl\/index.php\/wp-json\/wp\/v2\/categories?post=2334"},{"taxonomy":"post_tag","embeddable":true,"href":"http:\/\/www.mbfatimska.plock.opoka.org.pl\/index.php\/wp-json\/wp\/v2\/tags?post=2334"}],"curies":[{"name":"wp","href":"https:\/\/api.w.org\/{rel}","templated":true}]}}