{"id":209,"date":"2016-07-17T18:25:23","date_gmt":"2016-07-17T16:25:23","guid":{"rendered":"http:\/\/www.mbfatimska.plock.opoka.org.pl\/?p=209"},"modified":"2016-07-17T18:25:23","modified_gmt":"2016-07-17T16:25:23","slug":"niedziela-17-lipca-2016r-ogloszenia","status":"publish","type":"post","link":"http:\/\/www.mbfatimska.plock.opoka.org.pl\/index.php\/2016\/07\/17\/niedziela-17-lipca-2016r-ogloszenia\/","title":{"rendered":"Niedziela 17 lipca 2016r. &#8211; Og\u0142oszenia"},"content":{"rendered":"<p><strong>XVI Niedziela zwyk\u0142a<\/strong><\/p>\n<ol>\n<li style=\"text-align: justify;\">Zapraszamy do udzia\u0142u w Pielgrzymce Diecezji P\u0142ockiej do W\u0142och z okazji Narodowej Pielgrzymki Polak\u00f3w do Rzymu ?Gdzie chrzest, tam nadzieja? w dniach 18-26 pa\u017adziernika 2016r. Szczeg\u00f3\u0142owe informacje s\u0105 na plakacie w tablicy og\u0142osze\u0144.<\/li>\n<li style=\"text-align: justify;\">Mo\u017cemy zapisywa\u0107 si\u0119 na 35 piesz\u0105 pielgrzymk\u0119 Diecezji P\u0142ockiej na Jasn\u0105 G\u00f3r\u0119, kt\u00f3ra b\u0119dzie od 6 do 14 sierpnia, jak te\u017c na pielgrzymk\u0119 duchow\u0105.<\/li>\n<li style=\"text-align: justify;\">Zach\u0119camy do nabywania i czytania <strong>prasy katolickiej<\/strong>: Mi\u0142ujcie si\u0119, Rycerz Niepokalanej, R\u00f3\u017caniec, L?osservatore Romano, Ola i Ja\u015b, Ma\u0142y Go\u015b\u0107 Niedzielny z poczt\u00f3wk\u0105, kt\u00f3r\u0105 mo\u017cna wys\u0142a\u0107 do Papie\u017ca i Go\u015b\u0107 Niedzielny z artyku\u0142em o Czechach, gdzie niewiele os\u00f3b chodzi do ko\u015bcio\u0142a regularnie, a powsta\u0142 tam zakon o bardzo surowej regule ? jest w nim 25 mnich\u00f3w.<\/li>\n<\/ol>\n<p><em>\u00a0<\/em><\/p>\n","protected":false},"excerpt":{"rendered":"<p>XVI Niedziela zwyk\u0142a Zapraszamy do udzia\u0142u w Pielgrzymce Diecezji P\u0142ockiej do W\u0142och z okazji Narodowej Pielgrzymki Polak\u00f3w do Rzymu ?Gdzie chrzest, tam nadzieja? w dniach 18-26 pa\u017adziernika 2016r. Szczeg\u00f3\u0142owe informacje s\u0105 na plakacie w tablicy og\u0142osze\u0144. Mo\u017cemy zapisywa\u0107 si\u0119 na 35 piesz\u0105 pielgrzymk\u0119 Diecezji P\u0142ockiej na Jasn\u0105 G\u00f3r\u0119, kt\u00f3ra b\u0119dzie od 6 do 14 sierpnia, &hellip; <a href=\"http:\/\/www.mbfatimska.plock.opoka.org.pl\/index.php\/2016\/07\/17\/niedziela-17-lipca-2016r-ogloszenia\/\" class=\"more-link\">Czytaj dalej<span class=\"screen-reader-text\"> \u201eNiedziela 17 lipca 2016r. &#8211; Og\u0142oszenia\u201d<\/span><\/a><\/p>\n","protected":false},"author":1,"featured_media":0,"comment_status":"closed","ping_status":"closed","sticky":false,"template":"","format":"standard","meta":[],"categories":[4],"tags":[],"_links":{"self":[{"href":"http:\/\/www.mbfatimska.plock.opoka.org.pl\/index.php\/wp-json\/wp\/v2\/posts\/209"}],"collection":[{"href":"http:\/\/www.mbfatimska.plock.opoka.org.pl\/index.php\/wp-json\/wp\/v2\/posts"}],"about":[{"href":"http:\/\/www.mbfatimska.plock.opoka.org.pl\/index.php\/wp-json\/wp\/v2\/types\/post"}],"author":[{"embeddable":true,"href":"http:\/\/www.mbfatimska.plock.opoka.org.pl\/index.php\/wp-json\/wp\/v2\/users\/1"}],"replies":[{"embeddable":true,"href":"http:\/\/www.mbfatimska.plock.opoka.org.pl\/index.php\/wp-json\/wp\/v2\/comments?post=209"}],"version-history":[{"count":1,"href":"http:\/\/www.mbfatimska.plock.opoka.org.pl\/index.php\/wp-json\/wp\/v2\/posts\/209\/revisions"}],"predecessor-version":[{"id":210,"href":"http:\/\/www.mbfatimska.plock.opoka.org.pl\/index.php\/wp-json\/wp\/v2\/posts\/209\/revisions\/210"}],"wp:attachment":[{"href":"http:\/\/www.mbfatimska.plock.opoka.org.pl\/index.php\/wp-json\/wp\/v2\/media?parent=209"}],"wp:term":[{"taxonomy":"category","embeddable":true,"href":"http:\/\/www.mbfatimska.plock.opoka.org.pl\/index.php\/wp-json\/wp\/v2\/categories?post=209"},{"taxonomy":"post_tag","embeddable":true,"href":"http:\/\/www.mbfatimska.plock.opoka.org.pl\/index.php\/wp-json\/wp\/v2\/tags?post=209"}],"curies":[{"name":"wp","href":"https:\/\/api.w.org\/{rel}","templated":true}]}}