{"id":1983,"date":"2020-06-28T10:00:51","date_gmt":"2020-06-28T08:00:51","guid":{"rendered":"http:\/\/www.mbfatimska.plock.opoka.org.pl\/?p=1983"},"modified":"2020-06-28T14:32:16","modified_gmt":"2020-06-28T12:32:16","slug":"niedziela-28-czerwca-2020r-ogloszenia","status":"publish","type":"post","link":"http:\/\/www.mbfatimska.plock.opoka.org.pl\/index.php\/2020\/06\/28\/niedziela-28-czerwca-2020r-ogloszenia\/","title":{"rendered":"Niedziela 28 czerwca 2020r. &#8211; Og\u0142oszenia"},"content":{"rendered":"<p><strong>XIII Niedziela zwyk\u0142a<\/strong><\/p>\n<ol>\n<li style=\"text-align: justify;\">Jutro uroczysto\u015b\u0107 \u015bwi\u0119tych Aposto\u0142\u00f3w Piotra i Paw\u0142a, w czasie kt\u00f3rej modlimy si\u0119 w spos\u00f3b szczeg\u00f3lny w intencji ca\u0142ego Ko\u015bcio\u0142a, a szczeg\u00f3lnie Biskupa Rzymu, papie\u017ca Franciszka. Msze \u015awi\u0119te o godz. 7:00 i 18:00.<\/li>\n<li style=\"text-align: justify;\">Rozpoczyna si\u0119 czas wakacji. Pami\u0119tajmy, aby nie dyspensowa\u0107 si\u0119 od niedzielnej mszy, a podziwiaj\u0105c Boga w otaczaj\u0105cej nas rzeczywisto\u015bci nie unikajmy spotkania z Chrystusem w Eucharystii. Pami\u0119tajmy te\u017c w tym czasie o stosownym ubiorze, gdy wchodzimy do miejsc sakralnych.<\/li>\n<li style=\"text-align: justify;\">Podczas wakacji nie odprawiamy Mszy \u015awi\u0119tej o godz. 16:00. Pozosta\u0142e Msze \u015awi\u0119te bez zmian. R\u00f3wnie\u017c w lipcu i sierpniu kancelaria parafialna czynna jest we wtorek, \u015brod\u0119 i pi\u0105tek od godz. 7:30 do 8:30 i od 16:00 do 17:00.<\/li>\n<li style=\"text-align: justify;\">W tym tygodniu przypada pierwszy pi\u0105tek i pierwsza sobota miesi\u0105ca. Msze \u015awi\u0119te o godz. 7:00 i 18:00.<\/li>\n<li style=\"text-align: justify;\">Dzisiaj spotkanie r\u00f3\u017ca\u0144cowe po Mszy \u015awi\u0119tej o godz. 16:00.<\/li>\n<li style=\"text-align: justify;\">Zach\u0119camy do korzystania z prasy katolickiej: R\u00f3\u017caniec, Mi\u0142ujcie si\u0119, Rycerz Niepokalanej, Ma\u0142y Go\u015b\u0107 Niedzielny i Go\u015b\u0107 Niedzielny z cyklem wakacyjnym &#8222;Nie ma jak u Mamy&#8221; &#8211; reporta\u017ce z sanktuari\u00f3w maryjnych w Polsce.<\/li>\n<\/ol>\n","protected":false},"excerpt":{"rendered":"<p>XIII Niedziela zwyk\u0142a Jutro uroczysto\u015b\u0107 \u015bwi\u0119tych Aposto\u0142\u00f3w Piotra i Paw\u0142a, w czasie kt\u00f3rej modlimy si\u0119 w spos\u00f3b szczeg\u00f3lny w intencji ca\u0142ego Ko\u015bcio\u0142a, a szczeg\u00f3lnie Biskupa Rzymu, papie\u017ca Franciszka. Msze \u015awi\u0119te o godz. 7:00 i 18:00. Rozpoczyna si\u0119 czas wakacji. Pami\u0119tajmy, aby nie dyspensowa\u0107 si\u0119 od niedzielnej mszy, a podziwiaj\u0105c Boga w otaczaj\u0105cej nas rzeczywisto\u015bci nie &hellip; <a href=\"http:\/\/www.mbfatimska.plock.opoka.org.pl\/index.php\/2020\/06\/28\/niedziela-28-czerwca-2020r-ogloszenia\/\" class=\"more-link\">Czytaj dalej<span class=\"screen-reader-text\"> \u201eNiedziela 28 czerwca 2020r. &#8211; Og\u0142oszenia\u201d<\/span><\/a><\/p>\n","protected":false},"author":1,"featured_media":0,"comment_status":"closed","ping_status":"closed","sticky":false,"template":"","format":"standard","meta":[],"categories":[4],"tags":[],"_links":{"self":[{"href":"http:\/\/www.mbfatimska.plock.opoka.org.pl\/index.php\/wp-json\/wp\/v2\/posts\/1983"}],"collection":[{"href":"http:\/\/www.mbfatimska.plock.opoka.org.pl\/index.php\/wp-json\/wp\/v2\/posts"}],"about":[{"href":"http:\/\/www.mbfatimska.plock.opoka.org.pl\/index.php\/wp-json\/wp\/v2\/types\/post"}],"author":[{"embeddable":true,"href":"http:\/\/www.mbfatimska.plock.opoka.org.pl\/index.php\/wp-json\/wp\/v2\/users\/1"}],"replies":[{"embeddable":true,"href":"http:\/\/www.mbfatimska.plock.opoka.org.pl\/index.php\/wp-json\/wp\/v2\/comments?post=1983"}],"version-history":[{"count":1,"href":"http:\/\/www.mbfatimska.plock.opoka.org.pl\/index.php\/wp-json\/wp\/v2\/posts\/1983\/revisions"}],"predecessor-version":[{"id":1984,"href":"http:\/\/www.mbfatimska.plock.opoka.org.pl\/index.php\/wp-json\/wp\/v2\/posts\/1983\/revisions\/1984"}],"wp:attachment":[{"href":"http:\/\/www.mbfatimska.plock.opoka.org.pl\/index.php\/wp-json\/wp\/v2\/media?parent=1983"}],"wp:term":[{"taxonomy":"category","embeddable":true,"href":"http:\/\/www.mbfatimska.plock.opoka.org.pl\/index.php\/wp-json\/wp\/v2\/categories?post=1983"},{"taxonomy":"post_tag","embeddable":true,"href":"http:\/\/www.mbfatimska.plock.opoka.org.pl\/index.php\/wp-json\/wp\/v2\/tags?post=1983"}],"curies":[{"name":"wp","href":"https:\/\/api.w.org\/{rel}","templated":true}]}}