{"id":1084,"date":"2018-12-23T14:06:07","date_gmt":"2018-12-23T13:06:07","guid":{"rendered":"http:\/\/www.mbfatimska.plock.opoka.org.pl\/?p=1084"},"modified":"2018-12-23T14:38:53","modified_gmt":"2018-12-23T13:38:53","slug":"niedziela-23-grudnia-2018r-ogloszenia","status":"publish","type":"post","link":"http:\/\/www.mbfatimska.plock.opoka.org.pl\/index.php\/2018\/12\/23\/niedziela-23-grudnia-2018r-ogloszenia\/","title":{"rendered":"Niedziela 23 grudnia 2018r. &#8211; Og\u0142oszenia"},"content":{"rendered":"<p><strong>IV Niedziela Adwentu<\/strong><\/p>\n<ol>\n<li style=\"text-align: justify;\">Jutro <strong>Wigilia Bo\u017cego Narodzenia<\/strong>. Msze \u015bwi\u0119te jutro odprawimy tylko rano o godz. 7:00. Po zab\u0142y\u015bni\u0119ciu pierwszej gwiazdy na niebie zasi\u0105dziemy do Wieczerzy Wigilijnej, kt\u00f3ra b\u0119dzie oczekiwaniem we wsp\u00f3lnocie rodzinnej na Narodzenie Zbawiciela. Jej dope\u0142nieniem jest Pasterka, kt\u00f3r\u0105 odprawimy w naszym ko\u015bciele o godz. 24:00 i wraz ze wsp\u00f3lnot\u0105 parafialn\u0105 b\u0119dziemy prze\u017cywa\u0107 Narodzenie Jezusa Chrystusa.<\/li>\n<li style=\"text-align: justify;\">Niech wi\u0119c spotkanie przy stole wigilijnym w naszych rodzinach b\u0119dzie okazj\u0105 do wzajemnego przebaczenia i darowania sobie win, aby obrz\u0119d prze\u0142amania si\u0119 op\u0142atkiem nie by\u0142 tylko pustym gestem. Pami\u0119tajmy r\u00f3wnie\u017c o tym, aby wieczerza by\u0142a postna bez alkoholu.<\/li>\n<li style=\"text-align: justify;\">We wtorek <strong>Uroczysto\u015b\u0107 Bo\u017cego Narodzenia<\/strong>. Msze \u015awi\u0119te odprawia\u0107 b\u0119dziemy jak w niedziel\u0119. W \u015brod\u0119 drugi dzie\u0144 \u015bwi\u0105t. Msze \u015awi\u0119te r\u00f3wnie\u017c odprawia\u0107 b\u0119dziemy jak w niedziel\u0119, a ofiary sk\u0142adane w tym dniu na tac\u0119 b\u0119d\u0105 przeznaczone na cele diecezjalne.<\/li>\n<li style=\"text-align: justify;\">Tradycyjnie po Bo\u017cym Narodzeniu rozpoczyna si\u0119 <strong>wizyta duszpasterska, zwana kol\u0119d\u0105<\/strong>. Prosimy, aby okaza\u0107, \u017ce w danym mieszkaniu oczekuje si\u0119 na ksi\u0119dza. St\u00f3\u0142 nale\u017cy nakry\u0107 bia\u0142ym obrusem, na nim umie\u015bci\u0107 krzy\u017c, \u015bwiece i wod\u0119 \u015bwi\u0119con\u0105 z kropid\u0142em. W tych domach, gdzie dzieci i m\u0142odzie\u017c ucz\u0119szczaj\u0105 na katechez\u0119 nale\u017cy przygotowa\u0107 zeszyty do religii.<\/li>\n<li style=\"text-align: justify;\">Kol\u0119dowanie w naszej parafii rozpoczniemy 28 grudnia od ul. Wyszogrodzkiej i Jesiennej w domach jednorodzinnych od godz. 9:00.<\/li>\n<li style=\"text-align: justify;\">Ko\u0144czymy dzisiaj nasze <strong>Rekolekcje Adwentowe ? Renowacje Misji<\/strong>. Serdeczne B\u00f3g zap\u0142a\u0107 ks. Markowi Wilczewskiemu za te pi\u0119kne zamy\u015blenia, kt\u00f3re u\u015bwiadomi\u0142y nam, \u017ce zawsze mo\u017cna by\u0107 jeszcze doskonalszym cz\u0142owiekiem, gdy otworzymy si\u0119 na Boga, kt\u00f3ry do nas przychodzi ze swoj\u0105 pokorn\u0105 i s\u0142u\u017cebn\u0105 mi\u0142o\u015bci\u0105. Niech B\u00f3g umacnia nasze drogi, a ks. Markowi \u017cyczymy, by B\u00f3g b\u0142ogos\u0142awi\u0142 jego dalszej pracy.<\/li>\n<li style=\"text-align: justify;\">Zach\u0119camy do nabywania i czytania <strong>prasy katolickiej<\/strong> ? Rycerz Niepokalanej, nowy numer Mi\u0142ujcie si\u0119, Ma\u0142y Go\u015b\u0107 Niedzielny, Go\u015b\u0107 Niedzielny podw\u00f3jny numer \u015bwi\u0105teczny. Mo\u017cna tak\u017ce nabywa\u0107 jeszcze kalendarze na 2019r., karty \u015bwi\u0105teczne i \u015bwiece wigilijne Caritas w ramach Dzie\u0142a Pomocy Dzieciom.<\/li>\n<\/ol>\n","protected":false},"excerpt":{"rendered":"<p>IV Niedziela Adwentu Jutro Wigilia Bo\u017cego Narodzenia. Msze \u015bwi\u0119te jutro odprawimy tylko rano o godz. 7:00. Po zab\u0142y\u015bni\u0119ciu pierwszej gwiazdy na niebie zasi\u0105dziemy do Wieczerzy Wigilijnej, kt\u00f3ra b\u0119dzie oczekiwaniem we wsp\u00f3lnocie rodzinnej na Narodzenie Zbawiciela. Jej dope\u0142nieniem jest Pasterka, kt\u00f3r\u0105 odprawimy w naszym ko\u015bciele o godz. 24:00 i wraz ze wsp\u00f3lnot\u0105 parafialn\u0105 b\u0119dziemy prze\u017cywa\u0107 Narodzenie &hellip; <a href=\"http:\/\/www.mbfatimska.plock.opoka.org.pl\/index.php\/2018\/12\/23\/niedziela-23-grudnia-2018r-ogloszenia\/\" class=\"more-link\">Czytaj dalej<span class=\"screen-reader-text\"> \u201eNiedziela 23 grudnia 2018r. &#8211; Og\u0142oszenia\u201d<\/span><\/a><\/p>\n","protected":false},"author":1,"featured_media":1086,"comment_status":"closed","ping_status":"closed","sticky":false,"template":"","format":"standard","meta":[],"categories":[4],"tags":[],"_links":{"self":[{"href":"http:\/\/www.mbfatimska.plock.opoka.org.pl\/index.php\/wp-json\/wp\/v2\/posts\/1084"}],"collection":[{"href":"http:\/\/www.mbfatimska.plock.opoka.org.pl\/index.php\/wp-json\/wp\/v2\/posts"}],"about":[{"href":"http:\/\/www.mbfatimska.plock.opoka.org.pl\/index.php\/wp-json\/wp\/v2\/types\/post"}],"author":[{"embeddable":true,"href":"http:\/\/www.mbfatimska.plock.opoka.org.pl\/index.php\/wp-json\/wp\/v2\/users\/1"}],"replies":[{"embeddable":true,"href":"http:\/\/www.mbfatimska.plock.opoka.org.pl\/index.php\/wp-json\/wp\/v2\/comments?post=1084"}],"version-history":[{"count":1,"href":"http:\/\/www.mbfatimska.plock.opoka.org.pl\/index.php\/wp-json\/wp\/v2\/posts\/1084\/revisions"}],"predecessor-version":[{"id":1085,"href":"http:\/\/www.mbfatimska.plock.opoka.org.pl\/index.php\/wp-json\/wp\/v2\/posts\/1084\/revisions\/1085"}],"wp:featuredmedia":[{"embeddable":true,"href":"http:\/\/www.mbfatimska.plock.opoka.org.pl\/index.php\/wp-json\/wp\/v2\/media\/1086"}],"wp:attachment":[{"href":"http:\/\/www.mbfatimska.plock.opoka.org.pl\/index.php\/wp-json\/wp\/v2\/media?parent=1084"}],"wp:term":[{"taxonomy":"category","embeddable":true,"href":"http:\/\/www.mbfatimska.plock.opoka.org.pl\/index.php\/wp-json\/wp\/v2\/categories?post=1084"},{"taxonomy":"post_tag","embeddable":true,"href":"http:\/\/www.mbfatimska.plock.opoka.org.pl\/index.php\/wp-json\/wp\/v2\/tags?post=1084"}],"curies":[{"name":"wp","href":"https:\/\/api.w.org\/{rel}","templated":true}]}}